{"id":4555,"date":"2025-09-18T11:11:47","date_gmt":"2025-09-18T09:11:47","guid":{"rendered":"https:\/\/xilon.it\/?p=4555"},"modified":"2025-09-18T11:11:49","modified_gmt":"2025-09-18T09:11:49","slug":"xilon-au-cersaie-2025-fonctionnalite-et-beaute-dans-la-salle-de-bains-et-a-lexterieur","status":"publish","type":"post","link":"https:\/\/xilon.it\/en\/xilon-au-cersaie-2025-fonctionnalite-et-beaute-dans-la-salle-de-bains-et-a-lexterieur\/","title":{"rendered":"XILON au CERSAIE 2025 : fonctionnalit\u00e9 et beaut\u00e9 dans la salle de bains et \u00e0 l&#8217;ext\u00e9rieur"},"content":{"rendered":"\n<figure class=\"wp-block-image size-large\"><img decoding=\"async\" width=\"1024\" height=\"576\" src=\"https:\/\/xilon.it\/wp-content\/uploads\/2025\/09\/Xilon-al-cersaie-2025-1024x576.jpg\" alt=\"Xilon al Cersaie 2025\" class=\"wp-image-4517\" srcset=\"https:\/\/xilon.it\/wp-content\/uploads\/2025\/09\/Xilon-al-cersaie-2025-1024x576.jpg 1024w, https:\/\/xilon.it\/wp-content\/uploads\/2025\/09\/Xilon-al-cersaie-2025-300x169.jpg 300w, https:\/\/xilon.it\/wp-content\/uploads\/2025\/09\/Xilon-al-cersaie-2025-768x432.jpg 768w, https:\/\/xilon.it\/wp-content\/uploads\/2025\/09\/Xilon-al-cersaie-2025.jpg 1200w\" sizes=\"(max-width: 1024px) 100vw, 1024px\" \/><\/figure>\n\n\n\n<p class=\"wp-block-paragraph\">Du 22 au 26 septembre, le CERSAIE, le Salon international de la c\u00e9ramique pour l&#8217;architecture et l&#8217;ameublement de la salle de bains, revient \u00e0 Bologne. Dans notre espace, en collaboration avec Gambini Group, nous exposerons nos collections phares et nos derni\u00e8res nouveaut\u00e9s.<\/p>\n\n\n\n<p class=\"wp-block-paragraph\">Des meubles de salle de bains con\u00e7us pour vous offrir un maximum de fonctionnalit\u00e9 et accompagner votre quotidien avec \u00e9l\u00e9gance, aux solutions pour l&#8217;ext\u00e9rieur avec des points d&#8217;eau polyvalents et au design soign\u00e9, notre objectif est unique: montrer que fonctionnalit\u00e9 et beaut\u00e9 peuvent &#8211; et doivent &#8211; coexister.<\/p>\n\n\n\n<p class=\"wp-block-paragraph\">Vous nous trouverez dans notre espace pour vous pr\u00e9senter nos derni\u00e8res nouveaut\u00e9s. Quelques avant-premi\u00e8res? Continuez \u00e0 lire pour les d\u00e9couvrir!<\/p>\n\n\n\n<h2 class=\"wp-block-heading\">Kalip\u00e8 : la nouvelle \u00e9tape de Xilon dans l&#8217;ameublement fonctionnel de salle de bains.<\/h2>\n\n\n\n<p class=\"wp-block-paragraph\">La grande nouveaut\u00e9 que nous pr\u00e9senterons au CERSAIE 2025 s&#8217;appelle Kalip\u00e8: le nouveau meuble de salle de bains suspendu avec lavabo ovale en c\u00e9ramique. Notre derni\u00e8re \u00e9tape dans le parcours de la salle de bains fonctionnelle.<\/p>\n\n\n\n<p class=\"wp-block-paragraph\">Le nom m\u00eame, Kalip\u00e8, est un v\u0153u himalayen qui invite \u00e0 marcher \u00ab\u00e0 petits pas et lentement\u00bb. Une philosophie qui nous tient profond\u00e9ment \u00e0 c\u0153ur: pas \u00e0 pas, Xilon renouvelle son parcours, explorant de nouvelles voies pour vous accompagner dans votre vie quotidienne.<\/p>\n\n\n\n<p class=\"wp-block-paragraph\">Kalip\u00e8, avec ses formes douces, transforme l&#8217;environnement en un espace harmonieux, capable d&#8217;allier beaut\u00e9 et praticit\u00e9.<\/p>\n\n\n\n<p class=\"wp-block-paragraph\">Le tiroir coulissant cache un espace inattendu et bien d\u00e9fini, qui permet de ranger divers objets de mani\u00e8re rationnelle. Une solution compacte, mais \u00e9tonnamment g\u00e9n\u00e9reuse. Le meuble est compl\u00e9t\u00e9 par un lavabo ovale en c\u00e9ramique italienne, avec un plan mince et une large vasque de 18 cm de profondeur: \u00e9l\u00e9gant, spacieux, pr\u00eat \u00e0 r\u00e9pondre aux nombreux gestes quotidiens qui exigent espace et confort.<\/p>\n\n\n\n<p class=\"wp-block-paragraph\">Avec Kalip\u00e8, nous franchissons une nouvelle \u00e9tape qui marque une \u00e9volution dans l&#8217;ameublement de la salle de bains d&#8217;aujourd&#8217;hui.<\/p>\n\n\n\n<figure class=\"wp-block-image size-large\"><img decoding=\"async\" width=\"819\" height=\"1024\" src=\"https:\/\/xilon.it\/wp-content\/uploads\/2025\/09\/kalipe-Xilon-819x1024.jpg\" alt=\"\" class=\"wp-image-4535\" srcset=\"https:\/\/xilon.it\/wp-content\/uploads\/2025\/09\/kalipe-Xilon-819x1024.jpg 819w, https:\/\/xilon.it\/wp-content\/uploads\/2025\/09\/kalipe-Xilon-240x300.jpg 240w, https:\/\/xilon.it\/wp-content\/uploads\/2025\/09\/kalipe-Xilon-768x960.jpg 768w, https:\/\/xilon.it\/wp-content\/uploads\/2025\/09\/kalipe-Xilon.jpg 1000w\" sizes=\"(max-width: 819px) 100vw, 819px\" \/><\/figure>\n\n\n\n<h2 class=\"wp-block-heading\">Des solutions fonctionnelles pour les espaces ext\u00e9rieurs : votre ext\u00e9rieur, plus beau<\/h2>\n\n\n\n<p class=\"wp-block-paragraph\">Ces derni\u00e8res ann\u00e9es, nous nous sommes engag\u00e9s \u00e0 donner une nouvelle identit\u00e9 au mobilier d&#8217;ext\u00e9rieur. Nous pensons que les espaces ext\u00e9rieurs m\u00e9ritent eux aussi des solutions con\u00e7ues avec le m\u00eame soin que celles r\u00e9serv\u00e9es aux int\u00e9rieurs : r\u00e9sistantes, fonctionnelles, mais aussi esth\u00e9tiques.<\/p>\n\n\n\n<p class=\"wp-block-paragraph\">Nos collections sont con\u00e7ues pour apporter style et fonctionnalit\u00e9 dans des contextes o\u00f9, jusqu&#8217;\u00e0 hier, on trouvait des produits standard et peu distinctifs.<\/p>\n\n\n\n<p class=\"wp-block-paragraph\">Que ce soit au bord d&#8217;une piscine, sous un porche ou dans un jardin, nos meubles d&#8217;ext\u00e9rieur, tels que Lamina et Alluminium, transforment l&#8217;environnement gr\u00e2ce \u00e0 leur design caract\u00e9ristique et leur praticit\u00e9.<\/p>\n\n\n\n<p class=\"wp-block-paragraph\">Parmi les nouveaut\u00e9s de cette ann\u00e9e, nous pr\u00e9senterons une nouvelle version au sol de la collection Alluminium, qui n&#8217;existait jusqu&#8217;\u00e0 pr\u00e9sent qu&#8217;en version suspendue. Le monobloc devient encore plus spacieux, offrant davantage d&#8217;espace de rangement dans un meuble d\u00e9j\u00e0 performant.<\/p>\n\n\n\n<figure class=\"wp-block-image size-large\"><img decoding=\"async\" width=\"819\" height=\"1024\" src=\"https:\/\/xilon.it\/wp-content\/uploads\/2025\/09\/notesto-01-819x1024.jpg\" alt=\"\" class=\"wp-image-4537\" srcset=\"https:\/\/xilon.it\/wp-content\/uploads\/2025\/09\/notesto-01-819x1024.jpg 819w, https:\/\/xilon.it\/wp-content\/uploads\/2025\/09\/notesto-01-240x300.jpg 240w, https:\/\/xilon.it\/wp-content\/uploads\/2025\/09\/notesto-01-768x960.jpg 768w, https:\/\/xilon.it\/wp-content\/uploads\/2025\/09\/notesto-01.jpg 1000w\" sizes=\"(max-width: 819px) 100vw, 819px\" \/><\/figure>\n\n\n\n<p class=\"wp-block-paragraph\"><\/p>\n\n\n\n<p class=\"wp-block-paragraph\">Voici quelques-unes des nouveaut\u00e9s que vous pourrez d\u00e9couvrir au CERSAIE 2025. Nous vous invitons au pavillon 30, stand C16-D15 pour vous pr\u00e9senter toutes nos propositions!<\/p>\n\n\n\n<p class=\"wp-block-paragraph\"><\/p>\n","protected":false},"excerpt":{"rendered":"<p>Du 22 au 26 septembre, le CERSAIE, le Salon international de la c\u00e9ramique pour l&#8217;architecture et l&#8217;ameublement de la salle de bains, revient \u00e0 Bologne. Dans notre espace, en collaboration avec Gambini Group, nous exposerons nos collections phares et nos derni\u00e8res nouveaut\u00e9s. Des meubles de salle de bains con\u00e7us pour vous offrir un maximum de [&hellip;]<\/p>\n","protected":false},"author":4,"featured_media":4542,"comment_status":"open","ping_status":"open","sticky":false,"template":"","format":"standard","meta":{"inline_featured_image":false,"footnotes":""},"categories":[1],"tags":[],"class_list":["post-4555","post","type-post","status-publish","format-standard","has-post-thumbnail","hentry","category-non-categorizzato"],"acf":[],"yoast_head":"<!-- This site is optimized with the Yoast SEO plugin v28.3 - https:\/\/yoast.com\/product\/yoast-seo-wordpress\/ -->\n<title>XILON au CERSAIE 2025 : fonctionnalit\u00e9 et beaut\u00e9 dans la salle de bains et \u00e0 l&#039;ext\u00e9rieur - Xilon - Functional bathroom furniture and functional laundry Made in Italy<\/title>\n<meta name=\"robots\" content=\"index, follow, max-snippet:-1, max-image-preview:large, max-video-preview:-1\" \/>\n<link rel=\"canonical\" href=\"https:\/\/xilon.it\/xilon-au-cersaie-2025-fonctionnalite-et-beaute-dans-la-salle-de-bains-et-a-lexterieur\/\" \/>\n<meta property=\"og:locale\" content=\"en_US\" \/>\n<meta property=\"og:type\" content=\"article\" \/>\n<meta property=\"og:title\" content=\"XILON au CERSAIE 2025 : fonctionnalit\u00e9 et beaut\u00e9 dans la salle de bains et \u00e0 l&#039;ext\u00e9rieur - Xilon - Functional bathroom furniture and functional laundry Made in Italy\" \/>\n<meta property=\"og:description\" content=\"Du 22 au 26 septembre, le CERSAIE, le Salon international de la c\u00e9ramique pour l&#8217;architecture et l&#8217;ameublement de la salle de bains, revient \u00e0 Bologne. Dans notre espace, en collaboration avec Gambini Group, nous exposerons nos collections phares et nos derni\u00e8res nouveaut\u00e9s. Des meubles de salle de bains con\u00e7us pour vous offrir un maximum de [&hellip;]\" \/>\n<meta property=\"og:url\" content=\"https:\/\/xilon.it\/xilon-au-cersaie-2025-fonctionnalite-et-beaute-dans-la-salle-de-bains-et-a-lexterieur\/\" \/>\n<meta property=\"og:site_name\" content=\"Xilon - Functional bathroom furniture and functional laundry Made in Italy\" \/>\n<meta property=\"article:publisher\" content=\"https:\/\/www.facebook.com\/xilonilbagnofunzionale\" \/>\n<meta property=\"article:published_time\" content=\"2025-09-18T09:11:47+00:00\" \/>\n<meta property=\"article:modified_time\" content=\"2025-09-18T09:11:49+00:00\" \/>\n<meta property=\"og:image\" content=\"https:\/\/xilon.it\/wp-content\/uploads\/2025\/09\/xilon-cersaie-2025.jpg\" \/>\n\t<meta property=\"og:image:width\" content=\"1920\" \/>\n\t<meta property=\"og:image:height\" content=\"1080\" \/>\n\t<meta property=\"og:image:type\" content=\"image\/jpeg\" \/>\n<meta name=\"author\" content=\"robinn\" \/>\n<meta name=\"twitter:card\" content=\"summary_large_image\" \/>\n<meta name=\"twitter:label1\" content=\"Written by\" \/>\n\t<meta name=\"twitter:data1\" content=\"robinn\" \/>\n\t<meta name=\"twitter:label2\" content=\"Est. reading time\" \/>\n\t<meta name=\"twitter:data2\" content=\"4 minutes\" \/>\n<script type=\"application\/ld+json\" class=\"yoast-schema-graph\">{\"@context\":\"https:\\\/\\\/schema.org\",\"@graph\":[{\"@type\":\"Article\",\"@id\":\"https:\\\/\\\/xilon.it\\\/xilon-au-cersaie-2025-fonctionnalite-et-beaute-dans-la-salle-de-bains-et-a-lexterieur\\\/#article\",\"isPartOf\":{\"@id\":\"https:\\\/\\\/xilon.it\\\/xilon-au-cersaie-2025-fonctionnalite-et-beaute-dans-la-salle-de-bains-et-a-lexterieur\\\/\"},\"author\":{\"name\":\"robinn\",\"@id\":\"https:\\\/\\\/xilon.it\\\/#\\\/schema\\\/person\\\/baacd8e89d2478be84771585d8b8c7bf\"},\"headline\":\"XILON au CERSAIE 2025 : fonctionnalit\u00e9 et beaut\u00e9 dans la salle de bains et \u00e0 l&#8217;ext\u00e9rieur\",\"datePublished\":\"2025-09-18T09:11:47+00:00\",\"dateModified\":\"2025-09-18T09:11:49+00:00\",\"mainEntityOfPage\":{\"@id\":\"https:\\\/\\\/xilon.it\\\/xilon-au-cersaie-2025-fonctionnalite-et-beaute-dans-la-salle-de-bains-et-a-lexterieur\\\/\"},\"wordCount\":526,\"commentCount\":0,\"publisher\":{\"@id\":\"https:\\\/\\\/xilon.it\\\/#organization\"},\"image\":{\"@id\":\"https:\\\/\\\/xilon.it\\\/xilon-au-cersaie-2025-fonctionnalite-et-beaute-dans-la-salle-de-bains-et-a-lexterieur\\\/#primaryimage\"},\"thumbnailUrl\":\"https:\\\/\\\/xilon.it\\\/wp-content\\\/uploads\\\/2025\\\/09\\\/xilon-cersaie-2025.jpg\",\"articleSection\":[\"Non categorizzato\"],\"inLanguage\":\"en-US\",\"potentialAction\":[{\"@type\":\"CommentAction\",\"name\":\"Comment\",\"target\":[\"https:\\\/\\\/xilon.it\\\/xilon-au-cersaie-2025-fonctionnalite-et-beaute-dans-la-salle-de-bains-et-a-lexterieur\\\/#respond\"]}]},{\"@type\":\"WebPage\",\"@id\":\"https:\\\/\\\/xilon.it\\\/xilon-au-cersaie-2025-fonctionnalite-et-beaute-dans-la-salle-de-bains-et-a-lexterieur\\\/\",\"url\":\"https:\\\/\\\/xilon.it\\\/xilon-au-cersaie-2025-fonctionnalite-et-beaute-dans-la-salle-de-bains-et-a-lexterieur\\\/\",\"name\":\"XILON au CERSAIE 2025 : fonctionnalit\u00e9 et beaut\u00e9 dans la salle de bains et \u00e0 l'ext\u00e9rieur - Xilon - Functional bathroom furniture and functional laundry Made in Italy\",\"isPartOf\":{\"@id\":\"https:\\\/\\\/xilon.it\\\/#website\"},\"primaryImageOfPage\":{\"@id\":\"https:\\\/\\\/xilon.it\\\/xilon-au-cersaie-2025-fonctionnalite-et-beaute-dans-la-salle-de-bains-et-a-lexterieur\\\/#primaryimage\"},\"image\":{\"@id\":\"https:\\\/\\\/xilon.it\\\/xilon-au-cersaie-2025-fonctionnalite-et-beaute-dans-la-salle-de-bains-et-a-lexterieur\\\/#primaryimage\"},\"thumbnailUrl\":\"https:\\\/\\\/xilon.it\\\/wp-content\\\/uploads\\\/2025\\\/09\\\/xilon-cersaie-2025.jpg\",\"datePublished\":\"2025-09-18T09:11:47+00:00\",\"dateModified\":\"2025-09-18T09:11:49+00:00\",\"breadcrumb\":{\"@id\":\"https:\\\/\\\/xilon.it\\\/xilon-au-cersaie-2025-fonctionnalite-et-beaute-dans-la-salle-de-bains-et-a-lexterieur\\\/#breadcrumb\"},\"inLanguage\":\"en-US\",\"potentialAction\":[{\"@type\":\"ReadAction\",\"target\":[\"https:\\\/\\\/xilon.it\\\/xilon-au-cersaie-2025-fonctionnalite-et-beaute-dans-la-salle-de-bains-et-a-lexterieur\\\/\"]}]},{\"@type\":\"ImageObject\",\"inLanguage\":\"en-US\",\"@id\":\"https:\\\/\\\/xilon.it\\\/xilon-au-cersaie-2025-fonctionnalite-et-beaute-dans-la-salle-de-bains-et-a-lexterieur\\\/#primaryimage\",\"url\":\"https:\\\/\\\/xilon.it\\\/wp-content\\\/uploads\\\/2025\\\/09\\\/xilon-cersaie-2025.jpg\",\"contentUrl\":\"https:\\\/\\\/xilon.it\\\/wp-content\\\/uploads\\\/2025\\\/09\\\/xilon-cersaie-2025.jpg\",\"width\":1920,\"height\":1080,\"caption\":\"Xilon Cersaie 2025\"},{\"@type\":\"BreadcrumbList\",\"@id\":\"https:\\\/\\\/xilon.it\\\/xilon-au-cersaie-2025-fonctionnalite-et-beaute-dans-la-salle-de-bains-et-a-lexterieur\\\/#breadcrumb\",\"itemListElement\":[{\"@type\":\"ListItem\",\"position\":1,\"name\":\"Home\",\"item\":\"https:\\\/\\\/xilon.it\\\/en\\\/\"},{\"@type\":\"ListItem\",\"position\":2,\"name\":\"XILON au CERSAIE 2025 : fonctionnalit\u00e9 et beaut\u00e9 dans la salle de bains et \u00e0 l&#8217;ext\u00e9rieur\"}]},{\"@type\":\"WebSite\",\"@id\":\"https:\\\/\\\/xilon.it\\\/#website\",\"url\":\"https:\\\/\\\/xilon.it\\\/\",\"name\":\"Xilon - Functional bathroom furniture and functional laundry Made in Italy\",\"description\":\"Functional design Made in Italy bathroom and laundry\",\"publisher\":{\"@id\":\"https:\\\/\\\/xilon.it\\\/#organization\"},\"potentialAction\":[{\"@type\":\"SearchAction\",\"target\":{\"@type\":\"EntryPoint\",\"urlTemplate\":\"https:\\\/\\\/xilon.it\\\/?s={search_term_string}\"},\"query-input\":{\"@type\":\"PropertyValueSpecification\",\"valueRequired\":true,\"valueName\":\"search_term_string\"}}],\"inLanguage\":\"en-US\"},{\"@type\":\"Organization\",\"@id\":\"https:\\\/\\\/xilon.it\\\/#organization\",\"name\":\"Xilon - Functional bathroom furniture and functional laundry Made in Italy\",\"url\":\"https:\\\/\\\/xilon.it\\\/\",\"logo\":{\"@type\":\"ImageObject\",\"inLanguage\":\"en-US\",\"@id\":\"https:\\\/\\\/xilon.it\\\/#\\\/schema\\\/logo\\\/image\\\/\",\"url\":\"https:\\\/\\\/xilon.it\\\/wp-content\\\/uploads\\\/2022\\\/09\\\/logo.svg\",\"contentUrl\":\"https:\\\/\\\/xilon.it\\\/wp-content\\\/uploads\\\/2022\\\/09\\\/logo.svg\",\"caption\":\"Xilon - Functional bathroom furniture and functional laundry Made in Italy\"},\"image\":{\"@id\":\"https:\\\/\\\/xilon.it\\\/#\\\/schema\\\/logo\\\/image\\\/\"},\"sameAs\":[\"https:\\\/\\\/www.facebook.com\\\/xilonilbagnofunzionale\",\"https:\\\/\\\/www.instagram.com\\\/xilon_ilbagnofunzionale\\\/\"]},{\"@type\":\"Person\",\"@id\":\"https:\\\/\\\/xilon.it\\\/#\\\/schema\\\/person\\\/baacd8e89d2478be84771585d8b8c7bf\",\"name\":\"robinn\",\"image\":{\"@type\":\"ImageObject\",\"inLanguage\":\"en-US\",\"@id\":\"https:\\\/\\\/secure.gravatar.com\\\/avatar\\\/83894410207c1f245275c7cfe1b4c647ec8b4d72ea087226905a0b026a7b2e3e?s=96&d=mm&r=g\",\"url\":\"https:\\\/\\\/secure.gravatar.com\\\/avatar\\\/83894410207c1f245275c7cfe1b4c647ec8b4d72ea087226905a0b026a7b2e3e?s=96&d=mm&r=g\",\"contentUrl\":\"https:\\\/\\\/secure.gravatar.com\\\/avatar\\\/83894410207c1f245275c7cfe1b4c647ec8b4d72ea087226905a0b026a7b2e3e?s=96&d=mm&r=g\",\"caption\":\"robinn\"},\"url\":\"https:\\\/\\\/xilon.it\\\/en\\\/author\\\/robinn\\\/\"}]}<\/script>\n<!-- \/ Yoast SEO plugin. -->","yoast_head_json":{"title":"XILON au CERSAIE 2025 : fonctionnalit\u00e9 et beaut\u00e9 dans la salle de bains et \u00e0 l'ext\u00e9rieur - Xilon - Functional bathroom furniture and functional laundry Made in Italy","robots":{"index":"index","follow":"follow","max-snippet":"max-snippet:-1","max-image-preview":"max-image-preview:large","max-video-preview":"max-video-preview:-1"},"canonical":"https:\/\/xilon.it\/xilon-au-cersaie-2025-fonctionnalite-et-beaute-dans-la-salle-de-bains-et-a-lexterieur\/","og_locale":"en_US","og_type":"article","og_title":"XILON au CERSAIE 2025 : fonctionnalit\u00e9 et beaut\u00e9 dans la salle de bains et \u00e0 l'ext\u00e9rieur - Xilon - Functional bathroom furniture and functional laundry Made in Italy","og_description":"Du 22 au 26 septembre, le CERSAIE, le Salon international de la c\u00e9ramique pour l&#8217;architecture et l&#8217;ameublement de la salle de bains, revient \u00e0 Bologne. Dans notre espace, en collaboration avec Gambini Group, nous exposerons nos collections phares et nos derni\u00e8res nouveaut\u00e9s. Des meubles de salle de bains con\u00e7us pour vous offrir un maximum de [&hellip;]","og_url":"https:\/\/xilon.it\/xilon-au-cersaie-2025-fonctionnalite-et-beaute-dans-la-salle-de-bains-et-a-lexterieur\/","og_site_name":"Xilon - Functional bathroom furniture and functional laundry Made in Italy","article_publisher":"https:\/\/www.facebook.com\/xilonilbagnofunzionale","article_published_time":"2025-09-18T09:11:47+00:00","article_modified_time":"2025-09-18T09:11:49+00:00","og_image":[{"width":1920,"height":1080,"url":"https:\/\/xilon.it\/wp-content\/uploads\/2025\/09\/xilon-cersaie-2025.jpg","type":"image\/jpeg"}],"author":"robinn","twitter_card":"summary_large_image","twitter_misc":{"Written by":"robinn","Est. reading time":"4 minutes"},"schema":{"@context":"https:\/\/schema.org","@graph":[{"@type":"Article","@id":"https:\/\/xilon.it\/xilon-au-cersaie-2025-fonctionnalite-et-beaute-dans-la-salle-de-bains-et-a-lexterieur\/#article","isPartOf":{"@id":"https:\/\/xilon.it\/xilon-au-cersaie-2025-fonctionnalite-et-beaute-dans-la-salle-de-bains-et-a-lexterieur\/"},"author":{"name":"robinn","@id":"https:\/\/xilon.it\/#\/schema\/person\/baacd8e89d2478be84771585d8b8c7bf"},"headline":"XILON au CERSAIE 2025 : fonctionnalit\u00e9 et beaut\u00e9 dans la salle de bains et \u00e0 l&#8217;ext\u00e9rieur","datePublished":"2025-09-18T09:11:47+00:00","dateModified":"2025-09-18T09:11:49+00:00","mainEntityOfPage":{"@id":"https:\/\/xilon.it\/xilon-au-cersaie-2025-fonctionnalite-et-beaute-dans-la-salle-de-bains-et-a-lexterieur\/"},"wordCount":526,"commentCount":0,"publisher":{"@id":"https:\/\/xilon.it\/#organization"},"image":{"@id":"https:\/\/xilon.it\/xilon-au-cersaie-2025-fonctionnalite-et-beaute-dans-la-salle-de-bains-et-a-lexterieur\/#primaryimage"},"thumbnailUrl":"https:\/\/xilon.it\/wp-content\/uploads\/2025\/09\/xilon-cersaie-2025.jpg","articleSection":["Non categorizzato"],"inLanguage":"en-US","potentialAction":[{"@type":"CommentAction","name":"Comment","target":["https:\/\/xilon.it\/xilon-au-cersaie-2025-fonctionnalite-et-beaute-dans-la-salle-de-bains-et-a-lexterieur\/#respond"]}]},{"@type":"WebPage","@id":"https:\/\/xilon.it\/xilon-au-cersaie-2025-fonctionnalite-et-beaute-dans-la-salle-de-bains-et-a-lexterieur\/","url":"https:\/\/xilon.it\/xilon-au-cersaie-2025-fonctionnalite-et-beaute-dans-la-salle-de-bains-et-a-lexterieur\/","name":"XILON au CERSAIE 2025 : fonctionnalit\u00e9 et beaut\u00e9 dans la salle de bains et \u00e0 l'ext\u00e9rieur - Xilon - Functional bathroom furniture and functional laundry Made in Italy","isPartOf":{"@id":"https:\/\/xilon.it\/#website"},"primaryImageOfPage":{"@id":"https:\/\/xilon.it\/xilon-au-cersaie-2025-fonctionnalite-et-beaute-dans-la-salle-de-bains-et-a-lexterieur\/#primaryimage"},"image":{"@id":"https:\/\/xilon.it\/xilon-au-cersaie-2025-fonctionnalite-et-beaute-dans-la-salle-de-bains-et-a-lexterieur\/#primaryimage"},"thumbnailUrl":"https:\/\/xilon.it\/wp-content\/uploads\/2025\/09\/xilon-cersaie-2025.jpg","datePublished":"2025-09-18T09:11:47+00:00","dateModified":"2025-09-18T09:11:49+00:00","breadcrumb":{"@id":"https:\/\/xilon.it\/xilon-au-cersaie-2025-fonctionnalite-et-beaute-dans-la-salle-de-bains-et-a-lexterieur\/#breadcrumb"},"inLanguage":"en-US","potentialAction":[{"@type":"ReadAction","target":["https:\/\/xilon.it\/xilon-au-cersaie-2025-fonctionnalite-et-beaute-dans-la-salle-de-bains-et-a-lexterieur\/"]}]},{"@type":"ImageObject","inLanguage":"en-US","@id":"https:\/\/xilon.it\/xilon-au-cersaie-2025-fonctionnalite-et-beaute-dans-la-salle-de-bains-et-a-lexterieur\/#primaryimage","url":"https:\/\/xilon.it\/wp-content\/uploads\/2025\/09\/xilon-cersaie-2025.jpg","contentUrl":"https:\/\/xilon.it\/wp-content\/uploads\/2025\/09\/xilon-cersaie-2025.jpg","width":1920,"height":1080,"caption":"Xilon Cersaie 2025"},{"@type":"BreadcrumbList","@id":"https:\/\/xilon.it\/xilon-au-cersaie-2025-fonctionnalite-et-beaute-dans-la-salle-de-bains-et-a-lexterieur\/#breadcrumb","itemListElement":[{"@type":"ListItem","position":1,"name":"Home","item":"https:\/\/xilon.it\/en\/"},{"@type":"ListItem","position":2,"name":"XILON au CERSAIE 2025 : fonctionnalit\u00e9 et beaut\u00e9 dans la salle de bains et \u00e0 l&#8217;ext\u00e9rieur"}]},{"@type":"WebSite","@id":"https:\/\/xilon.it\/#website","url":"https:\/\/xilon.it\/","name":"Xilon - Functional bathroom furniture and functional laundry Made in Italy","description":"Functional design Made in Italy bathroom and laundry","publisher":{"@id":"https:\/\/xilon.it\/#organization"},"potentialAction":[{"@type":"SearchAction","target":{"@type":"EntryPoint","urlTemplate":"https:\/\/xilon.it\/?s={search_term_string}"},"query-input":{"@type":"PropertyValueSpecification","valueRequired":true,"valueName":"search_term_string"}}],"inLanguage":"en-US"},{"@type":"Organization","@id":"https:\/\/xilon.it\/#organization","name":"Xilon - Functional bathroom furniture and functional laundry Made in Italy","url":"https:\/\/xilon.it\/","logo":{"@type":"ImageObject","inLanguage":"en-US","@id":"https:\/\/xilon.it\/#\/schema\/logo\/image\/","url":"https:\/\/xilon.it\/wp-content\/uploads\/2022\/09\/logo.svg","contentUrl":"https:\/\/xilon.it\/wp-content\/uploads\/2022\/09\/logo.svg","caption":"Xilon - Functional bathroom furniture and functional laundry Made in Italy"},"image":{"@id":"https:\/\/xilon.it\/#\/schema\/logo\/image\/"},"sameAs":["https:\/\/www.facebook.com\/xilonilbagnofunzionale","https:\/\/www.instagram.com\/xilon_ilbagnofunzionale\/"]},{"@type":"Person","@id":"https:\/\/xilon.it\/#\/schema\/person\/baacd8e89d2478be84771585d8b8c7bf","name":"robinn","image":{"@type":"ImageObject","inLanguage":"en-US","@id":"https:\/\/secure.gravatar.com\/avatar\/83894410207c1f245275c7cfe1b4c647ec8b4d72ea087226905a0b026a7b2e3e?s=96&d=mm&r=g","url":"https:\/\/secure.gravatar.com\/avatar\/83894410207c1f245275c7cfe1b4c647ec8b4d72ea087226905a0b026a7b2e3e?s=96&d=mm&r=g","contentUrl":"https:\/\/secure.gravatar.com\/avatar\/83894410207c1f245275c7cfe1b4c647ec8b4d72ea087226905a0b026a7b2e3e?s=96&d=mm&r=g","caption":"robinn"},"url":"https:\/\/xilon.it\/en\/author\/robinn\/"}]}},"_links":{"self":[{"href":"https:\/\/xilon.it\/en\/wp-json\/wp\/v2\/posts\/4555","targetHints":{"allow":["GET"]}}],"collection":[{"href":"https:\/\/xilon.it\/en\/wp-json\/wp\/v2\/posts"}],"about":[{"href":"https:\/\/xilon.it\/en\/wp-json\/wp\/v2\/types\/post"}],"author":[{"embeddable":true,"href":"https:\/\/xilon.it\/en\/wp-json\/wp\/v2\/users\/4"}],"replies":[{"embeddable":true,"href":"https:\/\/xilon.it\/en\/wp-json\/wp\/v2\/comments?post=4555"}],"version-history":[{"count":1,"href":"https:\/\/xilon.it\/en\/wp-json\/wp\/v2\/posts\/4555\/revisions"}],"predecessor-version":[{"id":4556,"href":"https:\/\/xilon.it\/en\/wp-json\/wp\/v2\/posts\/4555\/revisions\/4556"}],"wp:featuredmedia":[{"embeddable":true,"href":"https:\/\/xilon.it\/en\/wp-json\/wp\/v2\/media\/4542"}],"wp:attachment":[{"href":"https:\/\/xilon.it\/en\/wp-json\/wp\/v2\/media?parent=4555"}],"wp:term":[{"taxonomy":"category","embeddable":true,"href":"https:\/\/xilon.it\/en\/wp-json\/wp\/v2\/categories?post=4555"},{"taxonomy":"post_tag","embeddable":true,"href":"https:\/\/xilon.it\/en\/wp-json\/wp\/v2\/tags?post=4555"}],"curies":[{"name":"wp","href":"https:\/\/api.w.org\/{rel}","templated":true}]}}