{"id":3784,"date":"2024-08-07T17:19:02","date_gmt":"2024-08-07T15:19:02","guid":{"rendered":"https:\/\/xilon.it\/?p=3784"},"modified":"2026-03-12T16:11:02","modified_gmt":"2026-03-12T15:11:02","slug":"sinuosa-ed-elegante-ecco-la-finitura-calan-di-xilon","status":"publish","type":"post","link":"https:\/\/xilon.it\/en\/sinuosa-ed-elegante-ecco-la-finitura-calan-di-xilon\/","title":{"rendered":"Sinuosa ed elegante, ecco la finitura Cal\u00e0n di Xilon"},"content":{"rendered":"\n<p class=\"wp-block-paragraph\">Nel mondo frenetico di oggi, il bagno \u00e8 diventato un rifugio personale, un luogo dove rilassarsi e rigenerarsi. E se questo spazio potesse unire alla perfezione funzionalit\u00e0 e bellezza?<\/p>\n\n\n\n<p class=\"wp-block-paragraph\">Con la nuova <strong>finitura ondulata Cal\u00e0n<\/strong> di Xilon, questo desiderio diventa realt\u00e0.<\/p>\n\n\n\n<h2 class=\"wp-block-heading\"><strong>Un\u2019esperienza sensoriale ed estetica per la bellezza del tuo bagno<\/strong><\/h2>\n\n\n\n<p class=\"wp-block-paragraph\">Immagina di entrare in un bagno in cui la superficie \u00e8 cos\u00ec bella e raffinata da mettere voglia di toccarla. La finitura ondulata Cal\u00e0n, con le sue <strong>linee sinuose<\/strong>, d\u00e0 vita a una profondit\u00e0 visiva affascinante.<\/p>\n\n\n\n<p class=\"wp-block-paragraph\">Il nome Cal\u00e0n \u00e8 ispirato ai calanchi, un fenomeno di erosione dovuto allo scorrere dell\u2019acqua; dei solchi naturali dall\u2019aspetto suggestivo. Allo stesso modo, le linee ondulate di questa finitura offrono un\u2019esperienza attraente, per uno<strong> stile d\u2019arredamento contemporaneo<\/strong>.<\/p>\n\n\n\n<p class=\"wp-block-paragraph\">Questa finitura \u00e8 disponibile<strong> in esclusiva per la collezione Nanco+<\/strong>, in legno noce e nei <a href=\"https:\/\/xilon.it\/finiture\/laccati\/\">colori laccati opachi <\/a>di Xilon.<\/p>\n\n\n\n<h2 class=\"wp-block-heading\"><\/h2>\n\n\n\n<figure class=\"wp-block-image size-large\"><img decoding=\"async\" width=\"920\" height=\"1024\" src=\"https:\/\/xilon.it\/wp-content\/uploads\/2024\/04\/Lavabo-Nanco-color-sabbia-con-finitura-Calan-920x1024.jpg\" alt=\"Lavabo Nanco color sabbia con finitura Cal\u00e0n\" class=\"wp-image-3337\" srcset=\"https:\/\/xilon.it\/wp-content\/uploads\/2024\/04\/Lavabo-Nanco-color-sabbia-con-finitura-Calan-920x1024.jpg 920w, https:\/\/xilon.it\/wp-content\/uploads\/2024\/04\/Lavabo-Nanco-color-sabbia-con-finitura-Calan-269x300.jpg 269w, https:\/\/xilon.it\/wp-content\/uploads\/2024\/04\/Lavabo-Nanco-color-sabbia-con-finitura-Calan-768x855.jpg 768w, https:\/\/xilon.it\/wp-content\/uploads\/2024\/04\/Lavabo-Nanco-color-sabbia-con-finitura-Calan.jpg 970w\" sizes=\"(max-width: 920px) 100vw, 920px\" \/><\/figure>\n\n\n\n<h2 class=\"wp-block-heading\"><strong>La collezione Nanco+ con la finitura Cal\u00e0n: funzionalit\u00e0 e design in armonia<\/strong><\/h2>\n\n\n\n<p class=\"wp-block-paragraph\">Nanco+ non \u00e8 solo design, ma una promessa di funzionalit\u00e0 quotidiana. Ogni elemento, dal monoblocco ai pensili, \u00e8 progettato per integrarsi armoniosamente, creando un ambiente bagno elegante e pratico. La collezione \u00e8 pensata per chi desidera unire <strong>bellezza e funzionalit\u00e0 nello stesso ambiente<\/strong>.<\/p>\n\n\n\n<p class=\"wp-block-paragraph\">L\u2019elemento principale \u00e8 il monoblocco, sospeso o a terra, con il <strong>lavabo in ceramica italiana Nanco<\/strong>; a cui affiancare delle varianti di pensili e accessori, come la mensola portasalviette.<\/p>\n\n\n\n<h2 class=\"wp-block-heading\"><strong>Il lavabo in ceramica Nanco: profondit\u00e0, praticit\u00e0 e stile<\/strong><\/h2>\n\n\n\n<p class=\"wp-block-paragraph\">Al centro della collezione, il lavabo in ceramica Nanco si distingue per la sua <strong>vasca ampia e profonda 20 cm<\/strong>, ideale per tutte le esigenze quotidiane. Disponibile in bianco lucido, bianco opaco, nero opaco e sabbia, colori che si prestano ad abbinamenti sofisticati; per esempio, puoi fare il mobile e il lavabo dello stesso colore.<\/p>\n\n\n\n<p class=\"wp-block-paragraph\">Per chi cerca una funzionalit\u00e0 extra, offriamo la<strong> variante con lavatoio integrato SIL\u00ae<\/strong>, perfetta per combinare le esigenze di lavanderia con l&#8217;estetica del bagno.<\/p>\n\n\n\n<p class=\"wp-block-paragraph\">Scegliendo la<a href=\"https:\/\/xilon.it\/collezioni\/nanco-piu\/\"> collezione Nanco+ <\/a>con la finitura Cal\u00e0n, trasformerai il tuo bagno in un\u2019oasi di eleganza e benessere, con il massimo della funzionalit\u00e0.<\/p>\n\n\n\n<p class=\"wp-block-paragraph\">Scopri tutte le collezioni di Xilon sul <a href=\"https:\/\/xilon.it\/cataloghi\/Il_manuale_del_bagno_funzionale.pdf\">Manuale del bagno funzionale<\/a>!<\/p>\n","protected":false},"excerpt":{"rendered":"<p>Nel mondo frenetico di oggi, il bagno \u00e8 diventato un rifugio personale, un luogo dove rilassarsi e rigenerarsi. E se questo spazio potesse unire alla perfezione funzionalit\u00e0 e bellezza? Con la nuova finitura ondulata Cal\u00e0n di Xilon, questo desiderio diventa realt\u00e0. Un\u2019esperienza sensoriale ed estetica per la bellezza del tuo bagno Immagina di entrare in [&hellip;]<\/p>\n","protected":false},"author":4,"featured_media":3321,"comment_status":"open","ping_status":"open","sticky":false,"template":"","format":"standard","meta":{"inline_featured_image":false,"footnotes":""},"categories":[24],"tags":[],"class_list":["post-3784","post","type-post","status-publish","format-standard","has-post-thumbnail","hentry","category-approfondimenti"],"acf":[],"yoast_head":"<!-- This site is optimized with the Yoast SEO plugin v28.3 - https:\/\/yoast.com\/product\/yoast-seo-wordpress\/ -->\n<title>Sinuosa ed elegante, ecco la finitura Cal\u00e0n di Xilon - Xilon - Functional bathroom furniture and functional laundry Made in Italy<\/title>\n<meta name=\"robots\" content=\"index, follow, max-snippet:-1, max-image-preview:large, max-video-preview:-1\" \/>\n<link rel=\"canonical\" href=\"https:\/\/xilon.it\/sinuosa-ed-elegante-ecco-la-finitura-calan-di-xilon\/\" \/>\n<meta property=\"og:locale\" content=\"en_US\" \/>\n<meta property=\"og:type\" content=\"article\" \/>\n<meta property=\"og:title\" content=\"Sinuosa ed elegante, ecco la finitura Cal\u00e0n di Xilon - Xilon - Functional bathroom furniture and functional laundry Made in Italy\" \/>\n<meta property=\"og:description\" content=\"Nel mondo frenetico di oggi, il bagno \u00e8 diventato un rifugio personale, un luogo dove rilassarsi e rigenerarsi. E se questo spazio potesse unire alla perfezione funzionalit\u00e0 e bellezza? Con la nuova finitura ondulata Cal\u00e0n di Xilon, questo desiderio diventa realt\u00e0. Un\u2019esperienza sensoriale ed estetica per la bellezza del tuo bagno Immagina di entrare in [&hellip;]\" \/>\n<meta property=\"og:url\" content=\"https:\/\/xilon.it\/sinuosa-ed-elegante-ecco-la-finitura-calan-di-xilon\/\" \/>\n<meta property=\"og:site_name\" content=\"Xilon - Functional bathroom furniture and functional laundry Made in Italy\" \/>\n<meta property=\"article:publisher\" content=\"https:\/\/www.facebook.com\/xilonilbagnofunzionale\" \/>\n<meta property=\"article:published_time\" content=\"2024-08-07T15:19:02+00:00\" \/>\n<meta property=\"article:modified_time\" content=\"2026-03-12T15:11:02+00:00\" \/>\n<meta property=\"og:image\" content=\"https:\/\/xilon.it\/wp-content\/uploads\/2024\/04\/finitura-ondulata-Calan-Nanco-Xilon.jpg\" \/>\n\t<meta property=\"og:image:width\" content=\"1100\" \/>\n\t<meta property=\"og:image:height\" content=\"630\" \/>\n\t<meta property=\"og:image:type\" content=\"image\/jpeg\" \/>\n<meta name=\"author\" content=\"robinn\" \/>\n<meta name=\"twitter:card\" content=\"summary_large_image\" \/>\n<meta name=\"twitter:label1\" content=\"Written by\" \/>\n\t<meta name=\"twitter:data1\" content=\"robinn\" \/>\n\t<meta name=\"twitter:label2\" content=\"Est. reading time\" \/>\n\t<meta name=\"twitter:data2\" content=\"3 minutes\" \/>\n<script type=\"application\/ld+json\" class=\"yoast-schema-graph\">{\"@context\":\"https:\\\/\\\/schema.org\",\"@graph\":[{\"@type\":\"Article\",\"@id\":\"https:\\\/\\\/xilon.it\\\/sinuosa-ed-elegante-ecco-la-finitura-calan-di-xilon\\\/#article\",\"isPartOf\":{\"@id\":\"https:\\\/\\\/xilon.it\\\/sinuosa-ed-elegante-ecco-la-finitura-calan-di-xilon\\\/\"},\"author\":{\"name\":\"robinn\",\"@id\":\"https:\\\/\\\/xilon.it\\\/#\\\/schema\\\/person\\\/baacd8e89d2478be84771585d8b8c7bf\"},\"headline\":\"Sinuosa ed elegante, ecco la finitura Cal\u00e0n di Xilon\",\"datePublished\":\"2024-08-07T15:19:02+00:00\",\"dateModified\":\"2026-03-12T15:11:02+00:00\",\"mainEntityOfPage\":{\"@id\":\"https:\\\/\\\/xilon.it\\\/sinuosa-ed-elegante-ecco-la-finitura-calan-di-xilon\\\/\"},\"wordCount\":363,\"commentCount\":0,\"publisher\":{\"@id\":\"https:\\\/\\\/xilon.it\\\/#organization\"},\"image\":{\"@id\":\"https:\\\/\\\/xilon.it\\\/sinuosa-ed-elegante-ecco-la-finitura-calan-di-xilon\\\/#primaryimage\"},\"thumbnailUrl\":\"https:\\\/\\\/xilon.it\\\/wp-content\\\/uploads\\\/2024\\\/04\\\/finitura-ondulata-Calan-Nanco-Xilon.jpg\",\"articleSection\":[\"Approfondimenti\"],\"inLanguage\":\"en-US\",\"potentialAction\":[{\"@type\":\"CommentAction\",\"name\":\"Comment\",\"target\":[\"https:\\\/\\\/xilon.it\\\/sinuosa-ed-elegante-ecco-la-finitura-calan-di-xilon\\\/#respond\"]}]},{\"@type\":\"WebPage\",\"@id\":\"https:\\\/\\\/xilon.it\\\/sinuosa-ed-elegante-ecco-la-finitura-calan-di-xilon\\\/\",\"url\":\"https:\\\/\\\/xilon.it\\\/sinuosa-ed-elegante-ecco-la-finitura-calan-di-xilon\\\/\",\"name\":\"Sinuosa ed elegante, ecco la finitura Cal\u00e0n di Xilon - Xilon - Functional bathroom furniture and functional laundry Made in Italy\",\"isPartOf\":{\"@id\":\"https:\\\/\\\/xilon.it\\\/#website\"},\"primaryImageOfPage\":{\"@id\":\"https:\\\/\\\/xilon.it\\\/sinuosa-ed-elegante-ecco-la-finitura-calan-di-xilon\\\/#primaryimage\"},\"image\":{\"@id\":\"https:\\\/\\\/xilon.it\\\/sinuosa-ed-elegante-ecco-la-finitura-calan-di-xilon\\\/#primaryimage\"},\"thumbnailUrl\":\"https:\\\/\\\/xilon.it\\\/wp-content\\\/uploads\\\/2024\\\/04\\\/finitura-ondulata-Calan-Nanco-Xilon.jpg\",\"datePublished\":\"2024-08-07T15:19:02+00:00\",\"dateModified\":\"2026-03-12T15:11:02+00:00\",\"breadcrumb\":{\"@id\":\"https:\\\/\\\/xilon.it\\\/sinuosa-ed-elegante-ecco-la-finitura-calan-di-xilon\\\/#breadcrumb\"},\"inLanguage\":\"en-US\",\"potentialAction\":[{\"@type\":\"ReadAction\",\"target\":[\"https:\\\/\\\/xilon.it\\\/sinuosa-ed-elegante-ecco-la-finitura-calan-di-xilon\\\/\"]}]},{\"@type\":\"ImageObject\",\"inLanguage\":\"en-US\",\"@id\":\"https:\\\/\\\/xilon.it\\\/sinuosa-ed-elegante-ecco-la-finitura-calan-di-xilon\\\/#primaryimage\",\"url\":\"https:\\\/\\\/xilon.it\\\/wp-content\\\/uploads\\\/2024\\\/04\\\/finitura-ondulata-Calan-Nanco-Xilon.jpg\",\"contentUrl\":\"https:\\\/\\\/xilon.it\\\/wp-content\\\/uploads\\\/2024\\\/04\\\/finitura-ondulata-Calan-Nanco-Xilon.jpg\",\"width\":1100,\"height\":630,\"caption\":\"finitura ondulata Cal\u00e0n Nanco Xilon\"},{\"@type\":\"BreadcrumbList\",\"@id\":\"https:\\\/\\\/xilon.it\\\/sinuosa-ed-elegante-ecco-la-finitura-calan-di-xilon\\\/#breadcrumb\",\"itemListElement\":[{\"@type\":\"ListItem\",\"position\":1,\"name\":\"Home\",\"item\":\"https:\\\/\\\/xilon.it\\\/en\\\/\"},{\"@type\":\"ListItem\",\"position\":2,\"name\":\"Sinuosa ed elegante, ecco la finitura Cal\u00e0n di Xilon\"}]},{\"@type\":\"WebSite\",\"@id\":\"https:\\\/\\\/xilon.it\\\/#website\",\"url\":\"https:\\\/\\\/xilon.it\\\/\",\"name\":\"Xilon - Functional bathroom furniture and functional laundry Made in Italy\",\"description\":\"Functional design Made in Italy bathroom and laundry\",\"publisher\":{\"@id\":\"https:\\\/\\\/xilon.it\\\/#organization\"},\"potentialAction\":[{\"@type\":\"SearchAction\",\"target\":{\"@type\":\"EntryPoint\",\"urlTemplate\":\"https:\\\/\\\/xilon.it\\\/?s={search_term_string}\"},\"query-input\":{\"@type\":\"PropertyValueSpecification\",\"valueRequired\":true,\"valueName\":\"search_term_string\"}}],\"inLanguage\":\"en-US\"},{\"@type\":\"Organization\",\"@id\":\"https:\\\/\\\/xilon.it\\\/#organization\",\"name\":\"Xilon - Functional bathroom furniture and functional laundry Made in Italy\",\"url\":\"https:\\\/\\\/xilon.it\\\/\",\"logo\":{\"@type\":\"ImageObject\",\"inLanguage\":\"en-US\",\"@id\":\"https:\\\/\\\/xilon.it\\\/#\\\/schema\\\/logo\\\/image\\\/\",\"url\":\"https:\\\/\\\/xilon.it\\\/wp-content\\\/uploads\\\/2022\\\/09\\\/logo.svg\",\"contentUrl\":\"https:\\\/\\\/xilon.it\\\/wp-content\\\/uploads\\\/2022\\\/09\\\/logo.svg\",\"caption\":\"Xilon - Functional bathroom furniture and functional laundry Made in Italy\"},\"image\":{\"@id\":\"https:\\\/\\\/xilon.it\\\/#\\\/schema\\\/logo\\\/image\\\/\"},\"sameAs\":[\"https:\\\/\\\/www.facebook.com\\\/xilonilbagnofunzionale\",\"https:\\\/\\\/www.instagram.com\\\/xilon_ilbagnofunzionale\\\/\"]},{\"@type\":\"Person\",\"@id\":\"https:\\\/\\\/xilon.it\\\/#\\\/schema\\\/person\\\/baacd8e89d2478be84771585d8b8c7bf\",\"name\":\"robinn\",\"image\":{\"@type\":\"ImageObject\",\"inLanguage\":\"en-US\",\"@id\":\"https:\\\/\\\/secure.gravatar.com\\\/avatar\\\/83894410207c1f245275c7cfe1b4c647ec8b4d72ea087226905a0b026a7b2e3e?s=96&d=mm&r=g\",\"url\":\"https:\\\/\\\/secure.gravatar.com\\\/avatar\\\/83894410207c1f245275c7cfe1b4c647ec8b4d72ea087226905a0b026a7b2e3e?s=96&d=mm&r=g\",\"contentUrl\":\"https:\\\/\\\/secure.gravatar.com\\\/avatar\\\/83894410207c1f245275c7cfe1b4c647ec8b4d72ea087226905a0b026a7b2e3e?s=96&d=mm&r=g\",\"caption\":\"robinn\"},\"url\":\"https:\\\/\\\/xilon.it\\\/en\\\/author\\\/robinn\\\/\"}]}<\/script>\n<!-- \/ Yoast SEO plugin. -->","yoast_head_json":{"title":"Sinuosa ed elegante, ecco la finitura Cal\u00e0n di Xilon - Xilon - Functional bathroom furniture and functional laundry Made in Italy","robots":{"index":"index","follow":"follow","max-snippet":"max-snippet:-1","max-image-preview":"max-image-preview:large","max-video-preview":"max-video-preview:-1"},"canonical":"https:\/\/xilon.it\/sinuosa-ed-elegante-ecco-la-finitura-calan-di-xilon\/","og_locale":"en_US","og_type":"article","og_title":"Sinuosa ed elegante, ecco la finitura Cal\u00e0n di Xilon - Xilon - Functional bathroom furniture and functional laundry Made in Italy","og_description":"Nel mondo frenetico di oggi, il bagno \u00e8 diventato un rifugio personale, un luogo dove rilassarsi e rigenerarsi. E se questo spazio potesse unire alla perfezione funzionalit\u00e0 e bellezza? Con la nuova finitura ondulata Cal\u00e0n di Xilon, questo desiderio diventa realt\u00e0. Un\u2019esperienza sensoriale ed estetica per la bellezza del tuo bagno Immagina di entrare in [&hellip;]","og_url":"https:\/\/xilon.it\/sinuosa-ed-elegante-ecco-la-finitura-calan-di-xilon\/","og_site_name":"Xilon - Functional bathroom furniture and functional laundry Made in Italy","article_publisher":"https:\/\/www.facebook.com\/xilonilbagnofunzionale","article_published_time":"2024-08-07T15:19:02+00:00","article_modified_time":"2026-03-12T15:11:02+00:00","og_image":[{"width":1100,"height":630,"url":"https:\/\/xilon.it\/wp-content\/uploads\/2024\/04\/finitura-ondulata-Calan-Nanco-Xilon.jpg","type":"image\/jpeg"}],"author":"robinn","twitter_card":"summary_large_image","twitter_misc":{"Written by":"robinn","Est. reading time":"3 minutes"},"schema":{"@context":"https:\/\/schema.org","@graph":[{"@type":"Article","@id":"https:\/\/xilon.it\/sinuosa-ed-elegante-ecco-la-finitura-calan-di-xilon\/#article","isPartOf":{"@id":"https:\/\/xilon.it\/sinuosa-ed-elegante-ecco-la-finitura-calan-di-xilon\/"},"author":{"name":"robinn","@id":"https:\/\/xilon.it\/#\/schema\/person\/baacd8e89d2478be84771585d8b8c7bf"},"headline":"Sinuosa ed elegante, ecco la finitura Cal\u00e0n di Xilon","datePublished":"2024-08-07T15:19:02+00:00","dateModified":"2026-03-12T15:11:02+00:00","mainEntityOfPage":{"@id":"https:\/\/xilon.it\/sinuosa-ed-elegante-ecco-la-finitura-calan-di-xilon\/"},"wordCount":363,"commentCount":0,"publisher":{"@id":"https:\/\/xilon.it\/#organization"},"image":{"@id":"https:\/\/xilon.it\/sinuosa-ed-elegante-ecco-la-finitura-calan-di-xilon\/#primaryimage"},"thumbnailUrl":"https:\/\/xilon.it\/wp-content\/uploads\/2024\/04\/finitura-ondulata-Calan-Nanco-Xilon.jpg","articleSection":["Approfondimenti"],"inLanguage":"en-US","potentialAction":[{"@type":"CommentAction","name":"Comment","target":["https:\/\/xilon.it\/sinuosa-ed-elegante-ecco-la-finitura-calan-di-xilon\/#respond"]}]},{"@type":"WebPage","@id":"https:\/\/xilon.it\/sinuosa-ed-elegante-ecco-la-finitura-calan-di-xilon\/","url":"https:\/\/xilon.it\/sinuosa-ed-elegante-ecco-la-finitura-calan-di-xilon\/","name":"Sinuosa ed elegante, ecco la finitura Cal\u00e0n di Xilon - Xilon - Functional bathroom furniture and functional laundry Made in Italy","isPartOf":{"@id":"https:\/\/xilon.it\/#website"},"primaryImageOfPage":{"@id":"https:\/\/xilon.it\/sinuosa-ed-elegante-ecco-la-finitura-calan-di-xilon\/#primaryimage"},"image":{"@id":"https:\/\/xilon.it\/sinuosa-ed-elegante-ecco-la-finitura-calan-di-xilon\/#primaryimage"},"thumbnailUrl":"https:\/\/xilon.it\/wp-content\/uploads\/2024\/04\/finitura-ondulata-Calan-Nanco-Xilon.jpg","datePublished":"2024-08-07T15:19:02+00:00","dateModified":"2026-03-12T15:11:02+00:00","breadcrumb":{"@id":"https:\/\/xilon.it\/sinuosa-ed-elegante-ecco-la-finitura-calan-di-xilon\/#breadcrumb"},"inLanguage":"en-US","potentialAction":[{"@type":"ReadAction","target":["https:\/\/xilon.it\/sinuosa-ed-elegante-ecco-la-finitura-calan-di-xilon\/"]}]},{"@type":"ImageObject","inLanguage":"en-US","@id":"https:\/\/xilon.it\/sinuosa-ed-elegante-ecco-la-finitura-calan-di-xilon\/#primaryimage","url":"https:\/\/xilon.it\/wp-content\/uploads\/2024\/04\/finitura-ondulata-Calan-Nanco-Xilon.jpg","contentUrl":"https:\/\/xilon.it\/wp-content\/uploads\/2024\/04\/finitura-ondulata-Calan-Nanco-Xilon.jpg","width":1100,"height":630,"caption":"finitura ondulata Cal\u00e0n Nanco Xilon"},{"@type":"BreadcrumbList","@id":"https:\/\/xilon.it\/sinuosa-ed-elegante-ecco-la-finitura-calan-di-xilon\/#breadcrumb","itemListElement":[{"@type":"ListItem","position":1,"name":"Home","item":"https:\/\/xilon.it\/en\/"},{"@type":"ListItem","position":2,"name":"Sinuosa ed elegante, ecco la finitura Cal\u00e0n di Xilon"}]},{"@type":"WebSite","@id":"https:\/\/xilon.it\/#website","url":"https:\/\/xilon.it\/","name":"Xilon - Functional bathroom furniture and functional laundry Made in Italy","description":"Functional design Made in Italy bathroom and laundry","publisher":{"@id":"https:\/\/xilon.it\/#organization"},"potentialAction":[{"@type":"SearchAction","target":{"@type":"EntryPoint","urlTemplate":"https:\/\/xilon.it\/?s={search_term_string}"},"query-input":{"@type":"PropertyValueSpecification","valueRequired":true,"valueName":"search_term_string"}}],"inLanguage":"en-US"},{"@type":"Organization","@id":"https:\/\/xilon.it\/#organization","name":"Xilon - Functional bathroom furniture and functional laundry Made in Italy","url":"https:\/\/xilon.it\/","logo":{"@type":"ImageObject","inLanguage":"en-US","@id":"https:\/\/xilon.it\/#\/schema\/logo\/image\/","url":"https:\/\/xilon.it\/wp-content\/uploads\/2022\/09\/logo.svg","contentUrl":"https:\/\/xilon.it\/wp-content\/uploads\/2022\/09\/logo.svg","caption":"Xilon - Functional bathroom furniture and functional laundry Made in Italy"},"image":{"@id":"https:\/\/xilon.it\/#\/schema\/logo\/image\/"},"sameAs":["https:\/\/www.facebook.com\/xilonilbagnofunzionale","https:\/\/www.instagram.com\/xilon_ilbagnofunzionale\/"]},{"@type":"Person","@id":"https:\/\/xilon.it\/#\/schema\/person\/baacd8e89d2478be84771585d8b8c7bf","name":"robinn","image":{"@type":"ImageObject","inLanguage":"en-US","@id":"https:\/\/secure.gravatar.com\/avatar\/83894410207c1f245275c7cfe1b4c647ec8b4d72ea087226905a0b026a7b2e3e?s=96&d=mm&r=g","url":"https:\/\/secure.gravatar.com\/avatar\/83894410207c1f245275c7cfe1b4c647ec8b4d72ea087226905a0b026a7b2e3e?s=96&d=mm&r=g","contentUrl":"https:\/\/secure.gravatar.com\/avatar\/83894410207c1f245275c7cfe1b4c647ec8b4d72ea087226905a0b026a7b2e3e?s=96&d=mm&r=g","caption":"robinn"},"url":"https:\/\/xilon.it\/en\/author\/robinn\/"}]}},"_links":{"self":[{"href":"https:\/\/xilon.it\/en\/wp-json\/wp\/v2\/posts\/3784","targetHints":{"allow":["GET"]}}],"collection":[{"href":"https:\/\/xilon.it\/en\/wp-json\/wp\/v2\/posts"}],"about":[{"href":"https:\/\/xilon.it\/en\/wp-json\/wp\/v2\/types\/post"}],"author":[{"embeddable":true,"href":"https:\/\/xilon.it\/en\/wp-json\/wp\/v2\/users\/4"}],"replies":[{"embeddable":true,"href":"https:\/\/xilon.it\/en\/wp-json\/wp\/v2\/comments?post=3784"}],"version-history":[{"count":1,"href":"https:\/\/xilon.it\/en\/wp-json\/wp\/v2\/posts\/3784\/revisions"}],"predecessor-version":[{"id":3785,"href":"https:\/\/xilon.it\/en\/wp-json\/wp\/v2\/posts\/3784\/revisions\/3785"}],"wp:featuredmedia":[{"embeddable":true,"href":"https:\/\/xilon.it\/en\/wp-json\/wp\/v2\/media\/3321"}],"wp:attachment":[{"href":"https:\/\/xilon.it\/en\/wp-json\/wp\/v2\/media?parent=3784"}],"wp:term":[{"taxonomy":"category","embeddable":true,"href":"https:\/\/xilon.it\/en\/wp-json\/wp\/v2\/categories?post=3784"},{"taxonomy":"post_tag","embeddable":true,"href":"https:\/\/xilon.it\/en\/wp-json\/wp\/v2\/tags?post=3784"}],"curies":[{"name":"wp","href":"https:\/\/api.w.org\/{rel}","templated":true}]}}